{"id":936,"date":"2018-10-29T09:57:32","date_gmt":"2018-10-29T08:57:32","guid":{"rendered":"http:\/\/cuinarxcuidar.com\/?p=936"},"modified":"2019-04-15T12:18:22","modified_gmt":"2019-04-15T10:18:22","slug":"veggieworld-de-barcelona-la-fira-vegana-torna-mes-gran-per-lexit-de-lany-passat","status":"publish","type":"post","link":"https:\/\/cuinarxcuidar.com\/?p=936","title":{"rendered":"VeggieWorld de Barcelona, la fira vegana que va creixent"},"content":{"rendered":"<p><a href=\"http:\/\/cuinarxcuidar.com\/wp-content\/uploads\/2018\/11\/VeggieWorld_web.jpg\"><img loading=\"lazy\" decoding=\"async\" class=\"wp-image-1012 alignleft\" src=\"http:\/\/cuinarxcuidar.com\/wp-content\/uploads\/2018\/11\/VeggieWorld_web-300x192.jpg\" alt=\"\" width=\"162\" height=\"110\" \/><\/a>El passat 27 i 28 d&#8217;octubre s&#8217;ha celebrat a Barcelona per segona vegada la fira sobre productes vegans VeggieWorld.<\/p>\n<p><span id=\"result_box\" class=\"\" lang=\"ca\" tabindex=\"-1\">La primera edici\u00f3 de Barcelona va tenir molt bona acollida, l&#8217;aflu\u00e8ncia de p\u00fablic va superar totes les expectatives i per a aquesta nova edici\u00f3 s&#8217;ha buscat un espai m\u00e9s gran i s&#8217;ha utilitzat La Farga de l&#8217;Hospitalet.<\/span><\/p>\n<p><span id=\"result_box\" class=\"\" lang=\"ca\" tabindex=\"-1\">La VeggieWorld es va celebrar per primera vegada a Wiesbaden, Alemanya, al febrer de 2011. L&#8217;objectiu era oferir un punt de trobada al creixent nombre de productors i consumidors de productes vegetarians <span class=\"\">a Alemanya<\/span><\/span>. Va tenir un \u00e8xit inesperat. <span id=\"result_box\" class=\"\" lang=\"ca\" tabindex=\"-1\"><span class=\"\">Durant tres<\/span> dies, la fira <span class=\"\">va reunir m\u00e9s de<\/span> <span class=\"\">20.000<\/span> <span class=\"\">visitants,<\/span> <span class=\"\">les<\/span> <span class=\"\">entrades<\/span> <span class=\"\">es van esgotar i <\/span><span class=\"\">els<\/span> <span class=\"\">expositors<\/span> es van quedar sense <span class=\"\">exist\u00e8ncies. Durant els seg\u00fcents 4 anys la trobada va tenir lloc a unes altres 5 ciutats alemanyes. No va ser fins al 2016 quan l&#8217;organitzaci\u00f3 de la fira va decidir donar el salt a altres pa\u00efsos europeus. D&#8217;aquesta manera la VeggieWorld va arribar a Fran\u00e7a, Su\u00efssa i Holanda.<br \/>\n<\/span><\/span><\/p>\n<p><span id=\"result_box\" class=\"\" lang=\"ca\" tabindex=\"-1\">A l&#8217;abril de 2017 la VeggieWorld va arribar a Barcelona, la primera ciutat veg-friendly del m\u00f3n. La localitzaci\u00f3 escollida va tenir missatge: la c\u00fapula del centre comercial Les Arenes que antigament va ser una pla\u00e7a de toros.<\/span><\/p>\n<p>Darrere de la Veggieworld hi ha una organitzaci\u00f3 internacional,<strong> <a href=\"https:\/\/proveg.com\/es\/\" target=\"_blank\" rel=\"noopener noreferrer\">Proveg<\/a>,<\/strong> que el que vol fer \u00e9s intentar crear consci\u00e8ncia sobre la necessitat de que hi hagi una transici\u00f3 de l&#8217;alimentaci\u00f3 tradicional a l&#8217;alimentaci\u00f3 exclusivament vegetal per acabar amb el maltractament animal. S&#8217;han marcat un repte, i \u00e9s el de <strong>reduir al 50% el consum de productes animals pel 2040.\u00a0<\/strong><\/p>\n","protected":false},"excerpt":{"rendered":"<p>El passat 27 i 28 d&#8217;octubre s&#8217;ha celebrat a Barcelona per segona vegada la fira sobre productes vegans VeggieWorld. La primera edici\u00f3 de Barcelona va tenir molt bona acollida, l&#8217;aflu\u00e8ncia de p\u00fablic va superar totes les expectatives i per a aquesta nova edici\u00f3 s&#8217;ha buscat un espai m\u00e9s gran i s&#8217;ha utilitzat La Farga de [&hellip;]<\/p>\n","protected":false},"author":1,"featured_media":0,"comment_status":"open","ping_status":"open","sticky":false,"template":"","format":"video","meta":{"footnotes":""},"categories":[195,22,23],"tags":[175,177,178,176],"class_list":["post-936","post","type-post","status-publish","format-video","hentry","category-clips-de-video","category-links-informacions-calendari","category-tendes-restaurants-compra-oline","tag-fira","tag-proveg","tag-veganisme","tag-veggieworld","post_format-post-format-video"],"_links":{"self":[{"href":"https:\/\/cuinarxcuidar.com\/index.php?rest_route=\/wp\/v2\/posts\/936","targetHints":{"allow":["GET"]}}],"collection":[{"href":"https:\/\/cuinarxcuidar.com\/index.php?rest_route=\/wp\/v2\/posts"}],"about":[{"href":"https:\/\/cuinarxcuidar.com\/index.php?rest_route=\/wp\/v2\/types\/post"}],"author":[{"embeddable":true,"href":"https:\/\/cuinarxcuidar.com\/index.php?rest_route=\/wp\/v2\/users\/1"}],"replies":[{"embeddable":true,"href":"https:\/\/cuinarxcuidar.com\/index.php?rest_route=%2Fwp%2Fv2%2Fcomments&post=936"}],"version-history":[{"count":27,"href":"https:\/\/cuinarxcuidar.com\/index.php?rest_route=\/wp\/v2\/posts\/936\/revisions"}],"predecessor-version":[{"id":2113,"href":"https:\/\/cuinarxcuidar.com\/index.php?rest_route=\/wp\/v2\/posts\/936\/revisions\/2113"}],"wp:attachment":[{"href":"https:\/\/cuinarxcuidar.com\/index.php?rest_route=%2Fwp%2Fv2%2Fmedia&parent=936"}],"wp:term":[{"taxonomy":"category","embeddable":true,"href":"https:\/\/cuinarxcuidar.com\/index.php?rest_route=%2Fwp%2Fv2%2Fcategories&post=936"},{"taxonomy":"post_tag","embeddable":true,"href":"https:\/\/cuinarxcuidar.com\/index.php?rest_route=%2Fwp%2Fv2%2Ftags&post=936"}],"curies":[{"name":"wp","href":"https:\/\/api.w.org\/{rel}","templated":true}]}}