{"id":2472,"date":"2020-02-15T10:54:41","date_gmt":"2020-02-15T09:54:41","guid":{"rendered":"http:\/\/cuinarxcuidar.com\/?p=2472"},"modified":"2020-02-15T21:41:01","modified_gmt":"2020-02-15T20:41:01","slug":"discurs-animalista-de-joaquin-phoenix-al-rebre-el-premi-a-millor-actor-dels-oscars-2020","status":"publish","type":"post","link":"https:\/\/cuinarxcuidar.com\/?p=2472","title":{"rendered":"Discurs animalista de Joaquin Phoenix al rebre el premi a millor actor dels Oscars 2020"},"content":{"rendered":"<p>L&#8217;actor Joaquin Phoenix \u00e9s veg\u00e0 i activista animalista. Als Oscars d&#8217;aquest any 2020 se li ha concedit el premi al millor actor per la pel.licula Joker, i ha aprofitar per fer una reflexi\u00f3 sobre com la supremacia que exerceix la humanitat explotant altres pa\u00efsos, races, generes i especies, \u00e9s la mateixa forma de viol\u00e8ncia i d&#8217;injust\u00edcia en totes elles. I de com podem proposar-nos utilitzar la nostra intel\u00b7lig\u00e8ncia i consciencia per desenvolupar nous sistemes que benefici\u00efn i ampli\u00efn el cercle de la just\u00edcia social.<\/p>\n<p>Fa anys que aprofita la seva fama per en qualsevol acte public donar a con\u00e8ixer la que considera una de les grans injust\u00edcies provocades per la nostra societat, i tamb\u00e9 presta la seva imatge als moviments animalistes.<\/p>\n<p><a href=\"http:\/\/cuinarxcuidar.com\/wp-content\/uploads\/2020\/02\/phoenix.jpg\"><img loading=\"lazy\" decoding=\"async\" class=\"alignnone wp-image-2483 alignleft\" src=\"http:\/\/cuinarxcuidar.com\/wp-content\/uploads\/2020\/02\/phoenix.jpg\" alt=\"\" width=\"432\" height=\"545\" \/><\/a><\/p>\n<p style=\"text-align: left;\">En el discurs dels Oscars ha ressaltat la cruel pr\u00e0ctica que es fa en el negoci de la llet, on es prenya for\u00e7adament i repetidament a les vaques fins que deixen de ser productives (i llavors se les envia al escorxador), se les separa de la seves cries perqu\u00e8 no puguin alletar-les i aix\u00ed prendre-lis la seva llet pel nostre caf\u00e9 i els nostres formatges.<\/p>\n<p>Alguns articles de diaris espanyols s&#8217;han fet ress\u00f2 d&#8217;aquest discurs sobre la industria de la llet i han corroborat les seves caracter\u00edstiques cruels:<\/p>\n<h5><a href=\"https:\/\/elpais.com\/elpais\/2020\/02\/12\/mundo_animal\/1581527651_430565.html\" target=\"_blank\" rel=\"noopener noreferrer\"><em>El Pais: &#8220;Joaquin Phoenix dijo la verdad en los Oscar sobre las vacas lecheras&#8221;<\/em><\/a><em><br \/>\n<\/em><\/h5>\n<p class=\"articulo-subtitulo\"><em>&#8220;Los terneros son separados nada m\u00e1s nacer de sus madres, cuya existencia es un ciclo sin fin de inseminaci\u00f3n artificial, embarazo, parto y orde\u00f1o para obtener 20 litros de leche al d\u00eda&#8221;.<\/em><\/p>\n<h5><a href=\"https:\/\/www.eldiario.es\/caballodenietzsche\/vacas-rien-industria-lactea-cuenta_6_994660533.html\" target=\"_blank\" rel=\"noopener noreferrer\"><em>El Diario: &#8220;Las vacas no r\u00eden: lo que la industria l\u00e1ctea no cuenta&#8221;<\/em><\/a><\/h5>\n<p><em> &#8220;Una sobreeexplotaci\u00f3n que arranca desde el primer d\u00eda: los terneros son separados de sus madres al poco de nacer, lo que genera una gran angustia en las vacas. Al tratarse de terneros de raza l\u00e1ctea no valen para engordar, por lo que se sacrifican con apenas seis u ocho meses. Es lo que se denomina ternera blanca&#8221;, explica el veterinario. &#8221; <\/em><\/p>\n","protected":false},"excerpt":{"rendered":"<p>L&#8217;actor Joaquin Phoenix \u00e9s veg\u00e0 i activista animalista. Als Oscars d&#8217;aquest any 2020 se li ha concedit el premi al millor actor per la pel.licula Joker, i ha aprofitar per fer una reflexi\u00f3 sobre com la supremacia que exerceix la humanitat explotant altres pa\u00efsos, races, generes i especies, \u00e9s la mateixa forma de viol\u00e8ncia i [&hellip;]<\/p>\n","protected":false},"author":1,"featured_media":2483,"comment_status":"open","ping_status":"open","sticky":false,"template":"","format":"video","meta":{"footnotes":""},"categories":[186],"tags":[],"class_list":["post-2472","post","type-post","status-publish","format-video","has-post-thumbnail","hentry","category-veganisme-concepte","post_format-post-format-video"],"_links":{"self":[{"href":"https:\/\/cuinarxcuidar.com\/index.php?rest_route=\/wp\/v2\/posts\/2472","targetHints":{"allow":["GET"]}}],"collection":[{"href":"https:\/\/cuinarxcuidar.com\/index.php?rest_route=\/wp\/v2\/posts"}],"about":[{"href":"https:\/\/cuinarxcuidar.com\/index.php?rest_route=\/wp\/v2\/types\/post"}],"author":[{"embeddable":true,"href":"https:\/\/cuinarxcuidar.com\/index.php?rest_route=\/wp\/v2\/users\/1"}],"replies":[{"embeddable":true,"href":"https:\/\/cuinarxcuidar.com\/index.php?rest_route=%2Fwp%2Fv2%2Fcomments&post=2472"}],"version-history":[{"count":27,"href":"https:\/\/cuinarxcuidar.com\/index.php?rest_route=\/wp\/v2\/posts\/2472\/revisions"}],"predecessor-version":[{"id":2500,"href":"https:\/\/cuinarxcuidar.com\/index.php?rest_route=\/wp\/v2\/posts\/2472\/revisions\/2500"}],"wp:featuredmedia":[{"embeddable":true,"href":"https:\/\/cuinarxcuidar.com\/index.php?rest_route=\/wp\/v2\/media\/2483"}],"wp:attachment":[{"href":"https:\/\/cuinarxcuidar.com\/index.php?rest_route=%2Fwp%2Fv2%2Fmedia&parent=2472"}],"wp:term":[{"taxonomy":"category","embeddable":true,"href":"https:\/\/cuinarxcuidar.com\/index.php?rest_route=%2Fwp%2Fv2%2Fcategories&post=2472"},{"taxonomy":"post_tag","embeddable":true,"href":"https:\/\/cuinarxcuidar.com\/index.php?rest_route=%2Fwp%2Fv2%2Ftags&post=2472"}],"curies":[{"name":"wp","href":"https:\/\/api.w.org\/{rel}","templated":true}]}}