{"id":2411,"date":"2019-12-23T10:15:49","date_gmt":"2019-12-23T09:15:49","guid":{"rendered":"http:\/\/cuinarxcuidar.com\/?p=2411"},"modified":"2019-12-28T09:36:35","modified_gmt":"2019-12-28T08:36:35","slug":"ampliar-el-cercle-de-la-nostra-compassio","status":"publish","type":"post","link":"https:\/\/cuinarxcuidar.com\/?p=2411","title":{"rendered":"Ampliar el cercle de la nostra compassi\u00f3"},"content":{"rendered":"<p><em>Aquest v\u00eddeo &#8220;100 veus pels sense veu&#8221; \u00e9s un treball col\u00b7lectiu de diversos moviments animalistes franc\u00f2fons (Fran\u00e7a, B\u00e8lgica, Su\u00efssa, Canad\u00e0) per a sensibilitzar sobre el cruel dest\u00ed que reservem als animals de granja i als peixos, el gran patiment produ\u00eft i les desastroses conseq\u00fc\u00e8ncies ambientals que comporta el consum de la carn i de tots els productes obtinguts per l&#8217;explotaci\u00f3 dels animals.<\/em><\/p>\n<p><em><span class=\"tlid-translation translation\" lang=\"ca\"><span title=\"\">Qu\u00e8 passaria si ampli\u00e9ssim el nostre cercle de consideraci\u00f3 i de compassi\u00f3 a TOTS els animals?\u00a0<\/span><\/span><\/em><span class=\"\" title=\"\"><em> Necessitem canviar la nostra perspectiva sobre els animals i comprometre&#8217;ns a construir un m\u00f3n on els animals i els humans visquin pac\u00edficament compartint el planeta<\/em>.&#8221; (<\/span>Extret de la web de <a href=\"https:\/\/www.100voix.org\/\" target=\"_blank\" rel=\"noopener noreferrer\">100voix<\/a>).<\/p>\n<hr \/>\n<p>Les creences, els pensaments, les costums, simplement son idees instal\u00b7lades que es poden canviar. Quan s&#8217;oposen als nostres valors podem necessitar canviar-les. A la equaci\u00f3 de la compassi\u00f3 pel sofriment d&#8217;un altre no pot existir la variable de qui \u00e9s aquest altre, sin\u00f3 nom\u00e9s si aquest sofriment es remeiable. Els animals tamb\u00e9 son \u00e9ssers que senten i per tant tamb\u00e9 tenen capacitat de sofrir. Amb l&#8217;evoluci\u00f3 de la nostra civilitzaci\u00f3, de la nostra empatia, del nostres valors (no-violencia, pau, justicia) a la nostra \u00e8poca actual\u00a0 ja tenim les bases per jutjar la necessitat moral d&#8217;atorgar-lis consideraci\u00f3 i ampliar el nostre cercle de compassi\u00f3 per fer-los entrar en la nostra cura. Nom\u00e9s cal sentir que \u00e9s el que creiem que \u00e9s just de fer.<\/p>\n","protected":false},"excerpt":{"rendered":"<p>Aquest v\u00eddeo &#8220;100 veus pels sense veu&#8221; \u00e9s un treball col\u00b7lectiu de diversos moviments animalistes franc\u00f2fons (Fran\u00e7a, B\u00e8lgica, Su\u00efssa, Canad\u00e0) per a sensibilitzar sobre el cruel dest\u00ed que reservem als animals de granja i als peixos, el gran patiment produ\u00eft i les desastroses conseq\u00fc\u00e8ncies ambientals que comporta el consum de la carn i de tots [&hellip;]<\/p>\n","protected":false},"author":1,"featured_media":2466,"comment_status":"open","ping_status":"open","sticky":false,"template":"","format":"video","meta":{"footnotes":""},"categories":[186],"tags":[294,296,295],"class_list":["post-2411","post","type-post","status-publish","format-video","has-post-thumbnail","hentry","category-veganisme-concepte","tag-100voix","tag-animalistes","tag-compassio","post_format-post-format-video"],"_links":{"self":[{"href":"https:\/\/cuinarxcuidar.com\/index.php?rest_route=\/wp\/v2\/posts\/2411","targetHints":{"allow":["GET"]}}],"collection":[{"href":"https:\/\/cuinarxcuidar.com\/index.php?rest_route=\/wp\/v2\/posts"}],"about":[{"href":"https:\/\/cuinarxcuidar.com\/index.php?rest_route=\/wp\/v2\/types\/post"}],"author":[{"embeddable":true,"href":"https:\/\/cuinarxcuidar.com\/index.php?rest_route=\/wp\/v2\/users\/1"}],"replies":[{"embeddable":true,"href":"https:\/\/cuinarxcuidar.com\/index.php?rest_route=%2Fwp%2Fv2%2Fcomments&post=2411"}],"version-history":[{"count":39,"href":"https:\/\/cuinarxcuidar.com\/index.php?rest_route=\/wp\/v2\/posts\/2411\/revisions"}],"predecessor-version":[{"id":2465,"href":"https:\/\/cuinarxcuidar.com\/index.php?rest_route=\/wp\/v2\/posts\/2411\/revisions\/2465"}],"wp:featuredmedia":[{"embeddable":true,"href":"https:\/\/cuinarxcuidar.com\/index.php?rest_route=\/wp\/v2\/media\/2466"}],"wp:attachment":[{"href":"https:\/\/cuinarxcuidar.com\/index.php?rest_route=%2Fwp%2Fv2%2Fmedia&parent=2411"}],"wp:term":[{"taxonomy":"category","embeddable":true,"href":"https:\/\/cuinarxcuidar.com\/index.php?rest_route=%2Fwp%2Fv2%2Fcategories&post=2411"},{"taxonomy":"post_tag","embeddable":true,"href":"https:\/\/cuinarxcuidar.com\/index.php?rest_route=%2Fwp%2Fv2%2Ftags&post=2411"}],"curies":[{"name":"wp","href":"https:\/\/api.w.org\/{rel}","templated":true}]}}