{"id":2043,"date":"2020-02-15T21:13:05","date_gmt":"2020-02-15T20:13:05","guid":{"rendered":"http:\/\/cuinarxcuidar.com\/?p=2043"},"modified":"2020-02-15T21:40:41","modified_gmt":"2020-02-15T20:40:41","slug":"union-vegetariana-espanola-uve","status":"publish","type":"post","link":"https:\/\/cuinarxcuidar.com\/?p=2043","title":{"rendered":"Uni\u00f3n Vegetariana Espa\u00f1ola (UVE)"},"content":{"rendered":"<p>Un bon recurs per informar-se sobre el veganisme \u00e9s l&#8217;associaci\u00f3 <a href=\"https:\/\/unionvegetariana.org\/\" target=\"_blank\" rel=\"noopener noreferrer\">Uni\u00f3n Vegetariana Espanyola<\/a>. Es va crear al 2003 i \u00e9s membre de <span class=\"Apple-style-span\">la <a href=\"http:\/\/www.euroveg.eu\/\" target=\"_blank\" rel=\"noopener noreferrer\">Uni\u00f3n Vegetariana Europea<\/a><\/span> i de la <span class=\"Apple-style-span\"><a href=\"http:\/\/www.ivu.org\/spanish\/\" target=\"_blank\" rel=\"noopener noreferrer\">Uni\u00f3n Vegetariana Internacional.<\/a><\/span><\/p>\n<p>Al seu web, la UVE ofereix una \u00e0mplia selecci\u00f3 de textos sobre nutrici\u00f3 classificada per temes. Tots ells de fonts cient\u00edfiques solvent. Aix\u00ed com divers material \u00fatil per elaborar men\u00fas i portar una dieta equilibrada. A m\u00e9s ofereix un servei gratu\u00eft de consultes de nutrici\u00f3 i de consultes de cuina at\u00e8s per dietistes professionals.<\/p>\n<p>&nbsp;<\/p>\n<p>Entre les publicacions de la seva web s&#8217;hi pot trobar la revista digital <em><strong>VEGETUS\u00a0<\/strong><\/em> que es pot baixar gratu\u00eftament: <em><a href=\"https:\/\/unionvegetariana.org\/boletines\/\" target=\"_blank\" rel=\"noopener noreferrer\">https:\/\/unionvegetariana.org\/boletines\/<\/a><br \/>\n<\/em><\/p>\n<p>La UVE gestiona i d\u00f3na plataforma web al major <strong>f\u00f2rum vegetari\u00e0<\/strong> en espanyol. El F\u00f2rum Oficial de la UVE t\u00e9 prop de 31.000 usuaris: <a href=\"http:\/\/www.forovegetariano.org\/foro\/\" target=\"_blank\" rel=\"noopener noreferrer\">http:\/\/www.forovegetariano.org\/foro\/<\/a><\/p>\n<p>Tamb\u00e9 ofereix un llistat de <strong>dietistes-nutricionistes<\/strong> per assessorar-se professionalment: <a href=\"https:\/\/unionvegetariana.org\/profesionales\/\" target=\"_blank\" rel=\"noopener noreferrer\">https:\/\/unionvegetariana.org\/profesionales\/<\/a><\/p>\n<p>En aquest enlla\u00e7 es pot baixar un men\u00fa veg\u00e0 setmanal: <a href=\"https:\/\/unionvegetariana.org\/menu-vegetariano-semanal-pdf\/\" target=\"_blank\" rel=\"noopener noreferrer\">https:\/\/unionvegetariana.org\/menu-vegetariano-semanal-pdf\/<\/a><\/p>\n<p>En aquest altre enlla\u00e7 es pot trobar una selecci\u00f3 de textos classificada per temes sobre les claus de la dieta vegana: <a href=\"https:\/\/unionvegetariana.org\/textos\/\">https:\/\/unionvegetariana.org\/textos\/<\/a><\/p>\n<p>Tabla de racions recomenades: <a href=\"https:\/\/unionvegetariana.org\/tabla-de-raciones-recomendadas\/\" target=\"_blank\" rel=\"noopener noreferrer\">https:\/\/unionvegetariana.org\/tabla-de-raciones-recomendadas\/<\/a><\/p>\n<p>I en aquest un munt de receptes: <a href=\"https:\/\/unionvegetariana.org\/recetas\/\" target=\"_blank\" rel=\"noopener noreferrer\">https:\/\/unionvegetariana.org\/recetas\/<\/a><\/p>\n","protected":false},"excerpt":{"rendered":"<p>Un bon recurs per informar-se sobre el veganisme \u00e9s l&#8217;associaci\u00f3 Uni\u00f3n Vegetariana Espanyola. Es va crear al 2003 i \u00e9s membre de la Uni\u00f3n Vegetariana Europea i de la Uni\u00f3n Vegetariana Internacional. Al seu web, la UVE ofereix una \u00e0mplia selecci\u00f3 de textos sobre nutrici\u00f3 classificada per temes. Tots ells de fonts cient\u00edfiques solvent. Aix\u00ed [&hellip;]<\/p>\n","protected":false},"author":1,"featured_media":2510,"comment_status":"open","ping_status":"open","sticky":false,"template":"","format":"standard","meta":{"footnotes":""},"categories":[22,19],"tags":[],"class_list":["post-2043","post","type-post","status-publish","format-standard","has-post-thumbnail","hentry","category-links-informacions-calendari","category-teoria-nutricional"],"_links":{"self":[{"href":"https:\/\/cuinarxcuidar.com\/index.php?rest_route=\/wp\/v2\/posts\/2043","targetHints":{"allow":["GET"]}}],"collection":[{"href":"https:\/\/cuinarxcuidar.com\/index.php?rest_route=\/wp\/v2\/posts"}],"about":[{"href":"https:\/\/cuinarxcuidar.com\/index.php?rest_route=\/wp\/v2\/types\/post"}],"author":[{"embeddable":true,"href":"https:\/\/cuinarxcuidar.com\/index.php?rest_route=\/wp\/v2\/users\/1"}],"replies":[{"embeddable":true,"href":"https:\/\/cuinarxcuidar.com\/index.php?rest_route=%2Fwp%2Fv2%2Fcomments&post=2043"}],"version-history":[{"count":12,"href":"https:\/\/cuinarxcuidar.com\/index.php?rest_route=\/wp\/v2\/posts\/2043\/revisions"}],"predecessor-version":[{"id":2512,"href":"https:\/\/cuinarxcuidar.com\/index.php?rest_route=\/wp\/v2\/posts\/2043\/revisions\/2512"}],"wp:featuredmedia":[{"embeddable":true,"href":"https:\/\/cuinarxcuidar.com\/index.php?rest_route=\/wp\/v2\/media\/2510"}],"wp:attachment":[{"href":"https:\/\/cuinarxcuidar.com\/index.php?rest_route=%2Fwp%2Fv2%2Fmedia&parent=2043"}],"wp:term":[{"taxonomy":"category","embeddable":true,"href":"https:\/\/cuinarxcuidar.com\/index.php?rest_route=%2Fwp%2Fv2%2Fcategories&post=2043"},{"taxonomy":"post_tag","embeddable":true,"href":"https:\/\/cuinarxcuidar.com\/index.php?rest_route=%2Fwp%2Fv2%2Ftags&post=2043"}],"curies":[{"name":"wp","href":"https:\/\/api.w.org\/{rel}","templated":true}]}}