{"id":1971,"date":"2019-05-05T02:00:43","date_gmt":"2019-05-05T00:00:43","guid":{"rendered":"http:\/\/cuinarxcuidar.com\/?p=1971"},"modified":"2019-05-05T02:27:14","modified_gmt":"2019-05-05T00:27:14","slug":"com-assessorar-se-per-fer-una-dieta-vegana-equilibrada","status":"publish","type":"post","link":"https:\/\/cuinarxcuidar.com\/?p=1971","title":{"rendered":"Com assessorar-se per fer una dieta vegana equilibrada"},"content":{"rendered":"<p>Al optar per una dieta vegana i per lo tant apartar-se de la omn\u00edvora que es la que es coneix per cultura i per costum (encara que aquesta tamb\u00e9 es pot estar fent de manera inadequada i no causar en aquest cas tanta preocupaci\u00f3), sorgeix el problema de la falta d&#8217;informaci\u00f3 sobre com fer-ho.<\/p>\n<p>Lo mes l\u00f2gic es buscar consell a la medicina tradicional, per\u00f2 moltes vegades \u00e9s dif\u00edcil trobar-hi suport. La desinformaci\u00f3 sobre el tema i els prejudicis dels metges tradicionals fa que moltes vegades es consideri el veganisme com un caprici o raresa particular que cal redre\u00e7ar. Frases com <em>&#8220;al menys has de menjar peix i ous i beure llet&#8221;, &#8220;s&#8217;ha de menjar una mica de tot&#8221; o &#8220;tindr\u00e0s mancances&#8221;, <\/em>son quotidianes. En l&#8217;aparici\u00f3 d&#8217;aquest canvi de model alimentari es troba a faltar formaci\u00f3 cient\u00edfica a la medicina (veure<em> <a href=\"http:\/\/cuinarxcuidar.com\/nutricio-posicionament-oficial-de-la-medicina-sobre-lalimentacio-vegetariana\/\" target=\"_blank\" rel=\"noopener noreferrer\">&#8220;Posicionament de la medicina sobre l\u2019alimentaci\u00f3 vegana&#8221;<\/a> )<\/em>.<\/p>\n<p>Per assessorar-se adequadament generalment s&#8217;ha de rec\u00f3rrer a la medicina privada, a metges dietistes-nutricionistes especialitzats en el tema. Si no es te cap referencia es pot trobar una llista a la Uni\u00f3n Vegetariana Espa\u00f1ola: <a href=\"https:\/\/unionvegetariana.org\/wp-content\/uploads\/DN-UVE.pdf\" target=\"_blank\" rel=\"noopener noreferrer\">llistat de professionals per provincies.<\/a><\/p>\n<p>Son associacions vegetarianes com aquesta i altres medis com llibres, revistes, medis de comunicaci\u00f3 i internet on es pot trobar informaci\u00f3 paral\u00b7lela. Sempre valorant que siguin publicacions amb base cient\u00edfica.<\/p>\n<p>Com hem nombrat ja, un exemple es l&#8217;<a href=\"https:\/\/unionvegetariana.org\/\" target=\"_blank\" rel=\"noopener noreferrer\"><strong>Uni\u00f3n Vegetariana Espa\u00f1ola (UVE). <\/strong><\/a><\/p>\n<p>L&#8217;UVE es una associaci\u00f3 que es va crear al 2003 i que es membre de <span class=\"Apple-style-span\">la<\/span><strong><span class=\"Apple-style-span\"> <a href=\"http:\/\/www.euroveg.eu\/\" target=\"_blank\" rel=\"noopener noreferrer\">Uni\u00f3n Vegetariana Europea<\/a><\/span><\/strong> i de la <strong><span class=\"Apple-style-span\"><a href=\"http:\/\/www.ivu.org\/spanish\/\" target=\"_blank\" rel=\"noopener noreferrer\">Uni\u00f3n Vegetariana Internacional.<\/a><\/span><\/strong><\/p>\n<p>La definici\u00f3 de la seva tasca: <em>&#8220;Treballem en la promoci\u00f3 del vegetarianisme, per donar a con\u00e8ixer els seus beneficis per a la salut, per als animals i per al planeta en el seu conjunt&#8221;.<\/em><\/p>\n<p>Al seu web, la UVE ofereix una \u00e0mplia selecci\u00f3 de <a href=\"https:\/\/unionvegetariana.org\/textos\/\" target=\"_blank\" rel=\"noopener noreferrer\">textos<\/a> sobre nutrici\u00f3 classificada per temes. Tots ells de fonts cient\u00edfiques solvents. Si pot trobar <a href=\"https:\/\/unionvegetariana.org\/wp-content\/uploads\/2017\/08\/menu_vegetariano_semanal.pdf\" target=\"_blank\" rel=\"noopener noreferrer\">un men\u00fa veg\u00e0 setmanal<\/a> i dades per portar <a href=\"https:\/\/unionvegetariana.org\/wp-content\/uploads\/2017\/08\/dieta_vegetariana_equilibrada.pdf\" target=\"_blank\" rel=\"noopener noreferrer\">una dieta equilibrada<\/a>.\u00a0 El follet\u00f3 <em><a href=\"https:\/\/unionvegetariana.org\/wp-content\/uploads\/2016\/11\/NBV.pdf\" target=\"_blank\" rel=\"noopener noreferrer\">&#8220;Nutrici\u00f3n basada en vegetales&#8221;\u00a0<\/a><\/em> traducci\u00f3 d&#8217;un original de la <i>Vegan Society<\/i> brit\u00e1nica. Un <a href=\"https:\/\/unionvegetariana.org\/consultas\/\" target=\"_blank\" rel=\"noopener noreferrer\">servei gratu\u00eft de consultes de nutrici\u00f3<\/a> at\u00e8s per <a href=\"https:\/\/unionvegetariana.org\/wp-content\/uploads\/DN-UVE.pdf\" target=\"_blank\" rel=\"noopener noreferrer\">nutricionistes-dietistes professionals<\/a>. Un servei de <a href=\"https:\/\/unionvegetariana.org\/consultas-cocina\/\" target=\"_blank\" rel=\"noopener noreferrer\">consultes sobre cuina<\/a>.<\/p>\n<p>Tamb\u00e9 si pot trobar <a href=\"http:\/\/www.forovegetariano.org\/foro\/\" target=\"_blank\" rel=\"noopener noreferrer\">un forum vegetari\u00e0<\/a>, <a href=\"https:\/\/unionvegetariana.org\/recetas\/\" target=\"_blank\" rel=\"noopener noreferrer\">receptes de cuina <\/a>amb un munt de publicacions que es poden descarregar. Una revista digital gratuita: <em><strong><a href=\"https:\/\/unionvegetariana.org\/boletines\/\" target=\"_blank\" rel=\"noopener noreferrer\">VEGETUS<\/a><\/strong><\/em><\/p>\n<p>Com exemple d&#8217;altres recursos es poden trobar dietistes-nutricionistes divulgadors del tema. Per exemple la Dra. Luc\u00eda Martinez. En els seus treballs s&#8217;insisteix sobre tot en tenir cura del valor nutricional dels aliments que triem. Ha publicat dos llibres: <em>&#8220;Vegetarianos con Ciencia&#8221; i &#8220;Vegetarianos concienciados&#8221;,<\/em> es autora del bloc <a href=\"http:\/\/www.dimequecomes.com\">www.dimequecomes.com<\/a> i participa a la revista digital <a href=\"https:\/\/www.cuerpomente.com\/autores-cuerpomente\/lucia-martinez\" target=\"_blank\" rel=\"noopener noreferrer\">CuerpoMente<\/a>.<\/p>\n<p><a href=\"http:\/\/cuinarxcuidar.com\/wp-content\/uploads\/2019\/04\/9788416002603.jpg\"><img loading=\"lazy\" decoding=\"async\" class=\"alignnone wp-image-2079\" src=\"http:\/\/cuinarxcuidar.com\/wp-content\/uploads\/2019\/04\/9788416002603.jpg\" alt=\"\" width=\"327\" height=\"497\" srcset=\"https:\/\/cuinarxcuidar.com\/wp-content\/uploads\/2019\/04\/9788416002603.jpg 1054w, https:\/\/cuinarxcuidar.com\/wp-content\/uploads\/2019\/04\/9788416002603-198x300.jpg 198w, https:\/\/cuinarxcuidar.com\/wp-content\/uploads\/2019\/04\/9788416002603-768x1166.jpg 768w, https:\/\/cuinarxcuidar.com\/wp-content\/uploads\/2019\/04\/9788416002603-675x1024.jpg 675w\" sizes=\"auto, (max-width: 327px) 100vw, 327px\" \/><\/a><a href=\"http:\/\/cuinarxcuidar.com\/wp-content\/uploads\/2019\/04\/41jVpd1BAwL._SX335_BO1204203200_.jpg\"><img loading=\"lazy\" decoding=\"async\" class=\"alignnone size-full wp-image-2078\" src=\"http:\/\/cuinarxcuidar.com\/wp-content\/uploads\/2019\/04\/41jVpd1BAwL._SX335_BO1204203200_.jpg\" alt=\"\" width=\"337\" height=\"499\" srcset=\"https:\/\/cuinarxcuidar.com\/wp-content\/uploads\/2019\/04\/41jVpd1BAwL._SX335_BO1204203200_.jpg 337w, https:\/\/cuinarxcuidar.com\/wp-content\/uploads\/2019\/04\/41jVpd1BAwL._SX335_BO1204203200_-203x300.jpg 203w\" sizes=\"auto, (max-width: 337px) 100vw, 337px\" \/><\/a><\/p>\n<p>Aqu\u00ed podem trobar dos conferencies d&#8217;aquesta Dra. sobre el tema:<\/p>\n<div class=\"video-container\"><iframe loading=\"lazy\" width=\"1778\" height=\"1000\" src=\"https:\/\/www.youtube.com\/embed\/sjFFhMRN8-o?feature=oembed\" frameborder=\"0\" allow=\"accelerometer; autoplay; encrypted-media; gyroscope; picture-in-picture\" allowfullscreen><\/iframe><\/div>\n<p>&nbsp;<\/p>\n<div class=\"video-container\"><iframe loading=\"lazy\" width=\"1778\" height=\"1000\" src=\"https:\/\/www.youtube.com\/embed\/OaVdyk9UDKI?feature=oembed\" frameborder=\"0\" allow=\"accelerometer; autoplay; encrypted-media; gyroscope; picture-in-picture\" allowfullscreen><\/iframe><\/div>\n<p>&nbsp;<\/p>\n<p>En aquest altres 2 v\u00eddeos es poden escoltar dos conferencies sobre la <strong>dieta vegana<\/strong> del nutricionista (omn\u00edvor) Aitor S\u00e1nchez, que tamb\u00e9 fa de divulgador sobre alimentaci\u00f3 i dieta en el bloc <a href=\"https:\/\/www.midietacojea.com\/\">&#8220;Mi dieta cojea&#8221;<\/a> :<\/p>\n<div class=\"video-container\"><iframe loading=\"lazy\" width=\"1778\" height=\"1000\" src=\"https:\/\/www.youtube.com\/embed\/ES2JyThl2us?feature=oembed\" frameborder=\"0\" allow=\"accelerometer; autoplay; encrypted-media; gyroscope; picture-in-picture\" allowfullscreen><\/iframe><\/div>\n<p>&nbsp;<\/p>\n<div class=\"video-container\"><iframe loading=\"lazy\" width=\"1778\" height=\"1000\" src=\"https:\/\/www.youtube.com\/embed\/Dt0j4fFxbO4?start=2&#038;feature=oembed\" frameborder=\"0\" allow=\"accelerometer; autoplay; encrypted-media; gyroscope; picture-in-picture\" allowfullscreen><\/iframe><\/div>\n","protected":false},"excerpt":{"rendered":"<p>Al optar per una dieta vegana i per lo tant apartar-se de la omn\u00edvora que es la que es coneix per cultura i per costum (encara que aquesta tamb\u00e9 es pot estar fent de manera inadequada i no causar en aquest cas tanta preocupaci\u00f3), sorgeix el problema de la falta d&#8217;informaci\u00f3 sobre com fer-ho. Lo [&hellip;]<\/p>\n","protected":false},"author":1,"featured_media":1978,"comment_status":"open","ping_status":"open","sticky":false,"template":"","format":"standard","meta":{"footnotes":""},"categories":[196],"tags":[262,265,179,264,263,266],"class_list":["post-1971","post","type-post","status-publish","format-standard","has-post-thumbnail","hentry","category-nutricio","tag-assessorament","tag-conferencies","tag-dieta","tag-llibres","tag-nutricionista","tag-uve"],"_links":{"self":[{"href":"https:\/\/cuinarxcuidar.com\/index.php?rest_route=\/wp\/v2\/posts\/1971","targetHints":{"allow":["GET"]}}],"collection":[{"href":"https:\/\/cuinarxcuidar.com\/index.php?rest_route=\/wp\/v2\/posts"}],"about":[{"href":"https:\/\/cuinarxcuidar.com\/index.php?rest_route=\/wp\/v2\/types\/post"}],"author":[{"embeddable":true,"href":"https:\/\/cuinarxcuidar.com\/index.php?rest_route=\/wp\/v2\/users\/1"}],"replies":[{"embeddable":true,"href":"https:\/\/cuinarxcuidar.com\/index.php?rest_route=%2Fwp%2Fv2%2Fcomments&post=1971"}],"version-history":[{"count":100,"href":"https:\/\/cuinarxcuidar.com\/index.php?rest_route=\/wp\/v2\/posts\/1971\/revisions"}],"predecessor-version":[{"id":2133,"href":"https:\/\/cuinarxcuidar.com\/index.php?rest_route=\/wp\/v2\/posts\/1971\/revisions\/2133"}],"wp:featuredmedia":[{"embeddable":true,"href":"https:\/\/cuinarxcuidar.com\/index.php?rest_route=\/wp\/v2\/media\/1978"}],"wp:attachment":[{"href":"https:\/\/cuinarxcuidar.com\/index.php?rest_route=%2Fwp%2Fv2%2Fmedia&parent=1971"}],"wp:term":[{"taxonomy":"category","embeddable":true,"href":"https:\/\/cuinarxcuidar.com\/index.php?rest_route=%2Fwp%2Fv2%2Fcategories&post=1971"},{"taxonomy":"post_tag","embeddable":true,"href":"https:\/\/cuinarxcuidar.com\/index.php?rest_route=%2Fwp%2Fv2%2Ftags&post=1971"}],"curies":[{"name":"wp","href":"https:\/\/api.w.org\/{rel}","templated":true}]}}