{"id":1862,"date":"2019-03-31T01:41:42","date_gmt":"2019-03-31T00:41:42","guid":{"rendered":"http:\/\/cuinarxcuidar.com\/?p=1862"},"modified":"2019-04-15T12:15:30","modified_gmt":"2019-04-15T10:15:30","slug":"aprofitar-les-parts-de-les-verdures-que-llencem","status":"publish","type":"post","link":"https:\/\/cuinarxcuidar.com\/?p=1862","title":{"rendered":"Aprofitar les parts de les verdures que llencem"},"content":{"rendered":"<p>De les verdures que comprem en llencem algunes parts per costum i per desconeixement, per\u00f2 en realitat moltes es poden menjar (tiges, fulles, parts mes dures o verdes, beines). A mes a mes moltes tenen propietats nutricionals importants ja que generalment son la part mes verda i aix\u00f2 vol dir que \u00e9s on hi ha el contingut m\u00e9s gran de clorofil\u00b7la.<\/p>\n<p>Aprofitar-les representa donar valor als aliments, estalviar obtenint mes quantitat d\u2019aliment pel mateix preu, i evitar el malbaratament.<\/p>\n<p>Cal tenir en compte que per aprofitar les parts mes externes de les verdures que son les mes exposades sembla millor que siguin org\u00e0niques ja que aquestes parts son les que reben directament els pesticides i els qu\u00edmics.<\/p>\n<p>&nbsp;<\/p>\n<p>Hi han varies formes de cuinar aquestes parts que llencem:<\/p>\n<ol>\n<li>En general si son mes dures es poden tallar petitones. Si alguna d\u2019elles no t\u00e9 un gust molt valorat com que estar\u00e0 barrejat amb altres aliments aix\u00f2 no ser\u00e0 important, en tot cas estarem donant la import\u00e0ncia que mereix qualsevol aliment.<\/li>\n<li>Fer-les servir tallades petites per fer brou junt a les altres verdures que hi posem.<\/li>\n<li>Fer cremes (partint de ceba sofregida perqu\u00e8 tinguin mes gust).<\/li>\n<li>Junt a altres verdures al vapor o bullides.<\/li>\n<li>Afegir a sofregits.<\/li>\n<li>Afegir a saltejats.<\/li>\n<li>Afegir a batuts, sucs o smoothies.<\/li>\n<li>Afegir a amanides.<\/li>\n<li>Per emplenar canelons, croquetes, crestes, empanades, ..<\/li>\n<li>Afegir al farcit de coques de recapte, pizzes.<\/li>\n<li>A vinagretes.<\/li>\n<li>A marinats.<\/li>\n<li>Ben picadetes poden amanir substituint altres herbes arom\u00e0tiques com el julivert, l&#8217;orenga o l&#8217;alf\u00e0brega.<\/li>\n<li>Per aromatitzar arrebossats si els barregem en trossos petits en el pa ratllat<\/li>\n<li>Per fer pesto.<\/li>\n<\/ol>\n<p>&nbsp;<\/p>\n<p style=\"text-align: center;\"><strong><em><u>Aprofitar la part verda de:<\/u><\/em><\/strong><\/p>\n<p>&nbsp;<\/p>\n<p><strong>Part verda de porros, cebes tendres, all tendre, cal\u00e7ots:<\/strong><\/p>\n<p><a href=\"http:\/\/cuinarxcuidar.com\/wp-content\/uploads\/2019\/03\/puerro-ecologico-puntdesabor.jpg\"><img loading=\"lazy\" decoding=\"async\" class=\"alignnone size-full wp-image-1887\" src=\"http:\/\/cuinarxcuidar.com\/wp-content\/uploads\/2019\/03\/puerro-ecologico-puntdesabor.jpg\" alt=\"\" width=\"799\" height=\"532\" srcset=\"https:\/\/cuinarxcuidar.com\/wp-content\/uploads\/2019\/03\/puerro-ecologico-puntdesabor.jpg 799w, https:\/\/cuinarxcuidar.com\/wp-content\/uploads\/2019\/03\/puerro-ecologico-puntdesabor-300x200.jpg 300w, https:\/\/cuinarxcuidar.com\/wp-content\/uploads\/2019\/03\/puerro-ecologico-puntdesabor-768x511.jpg 768w\" sizes=\"auto, (max-width: 799px) 100vw, 799px\" \/><\/a><\/p>\n<p>D\u2019aquestes verdures normalment nomes aprofitem les parts blanques que son les mes tendres. Estem acostumats que incl\u00fas en els mercats ens ofereixen com un servei positiu tallar i llen\u00e7ar les parts verdes i mes dures.<\/p>\n<p>Per\u00f2 aquestes parts \u00a0es poden aprofitar. Tenen un sabor m\u00e9s herbaci i suau, m\u00e9s semblant a verdures de fulla verda.<\/p>\n<p>Es poden fer servir per a qualsevol sofregit, nom\u00e9s que al ser m\u00e9s dures va b\u00e9 tallar-les ben petitones.<\/p>\n<p>Es poden afegir a sopes, brous, guisats i saltats.<\/p>\n<p>Utilitzar-les crues tallant-les molt petites i\u00a0 posant-les per sobre dels plats just abans de servir o afegir a les amanides com fem per exemple amb el cibulet. Donen un toc molt fresc.<\/p>\n<p>Tamb\u00e9 es podent utilitzar en la preparaci\u00f3 de hamburgueses i mandonguilles vegetals.<\/p>\n<p>Per donar m\u00e9s sabor a pastissos salats tipus quiche.<\/p>\n<p>&nbsp;<\/p>\n<p style=\"text-align: center;\"><strong><em><u>Aprofitar les fulles de:<\/u><\/em><\/strong><\/p>\n<p>&nbsp;<\/p>\n<p><strong>Fulles de pastanaga: <\/strong><\/p>\n<p><a href=\"http:\/\/cuinarxcuidar.com\/wp-content\/uploads\/2019\/03\/fulles-pastanaga-tallades.jpg\"><img loading=\"lazy\" decoding=\"async\" class=\"alignnone wp-image-1881 size-large\" src=\"http:\/\/cuinarxcuidar.com\/wp-content\/uploads\/2019\/03\/fulles-pastanaga-tallades-1024x683.jpg\" alt=\"\" width=\"1024\" height=\"683\" srcset=\"https:\/\/cuinarxcuidar.com\/wp-content\/uploads\/2019\/03\/fulles-pastanaga-tallades-1024x683.jpg 1024w, https:\/\/cuinarxcuidar.com\/wp-content\/uploads\/2019\/03\/fulles-pastanaga-tallades-300x200.jpg 300w, https:\/\/cuinarxcuidar.com\/wp-content\/uploads\/2019\/03\/fulles-pastanaga-tallades-768x512.jpg 768w, https:\/\/cuinarxcuidar.com\/wp-content\/uploads\/2019\/03\/fulles-pastanaga-tallades-1320x880.jpg 1320w\" sizes=\"auto, (max-width: 1024px) 100vw, 1024px\" \/><\/a><\/p>\n<p>Curiosament en l&#8217;antiguitat les pastanagues es plantaven per menjar les fulles i llavors com a condiment o com a medicina natural. No es fins al segle XIX en que es va fer una varietat de pastanagues de color taronja que \u00e9s la que s&#8217;usa en l&#8217;actualitat.<\/p>\n<p>El seu sabor es una mica semblant al julivert encara que m\u00e9s amarg i m\u00e9s herbaci. La cocci\u00f3 elimina bastant aquest\u00a0 sabor amarg. Com el julivert val mes no utilitzar-ne molta quantitat perqu\u00e8 no domini el seu sabor.<\/p>\n<p>Si els troncs semblen massa durs i fibrosos \u00a0es poden tallar molt petits i ens donaran una textura cruixent.<\/p>\n<p>&nbsp;<\/p>\n<p><strong>Fulles de remolatxa:<\/strong><\/p>\n<p><a href=\"http:\/\/cuinarxcuidar.com\/wp-content\/uploads\/2019\/03\/bledes-remolatxa.jpg\"><img loading=\"lazy\" decoding=\"async\" class=\"alignnone wp-image-1880 size-large\" src=\"http:\/\/cuinarxcuidar.com\/wp-content\/uploads\/2019\/03\/bledes-remolatxa-1024x675.jpg\" alt=\"\" width=\"1024\" height=\"675\" srcset=\"https:\/\/cuinarxcuidar.com\/wp-content\/uploads\/2019\/03\/bledes-remolatxa-1024x675.jpg 1024w, https:\/\/cuinarxcuidar.com\/wp-content\/uploads\/2019\/03\/bledes-remolatxa-300x198.jpg 300w, https:\/\/cuinarxcuidar.com\/wp-content\/uploads\/2019\/03\/bledes-remolatxa-768x507.jpg 768w, https:\/\/cuinarxcuidar.com\/wp-content\/uploads\/2019\/03\/bledes-remolatxa-1320x871.jpg 1320w\" sizes=\"auto, (max-width: 1024px) 100vw, 1024px\" \/><\/a><\/p>\n<p>Les fulles i les tiges de la remolatxa les podem fer servir com si fossin bledes o espinacs, per exemples al vapor o bullides amb patates, saltejades&#8230;.<\/p>\n<p>En cru per preparar smoothies, batuts o sucs, en amanides.<\/p>\n<p>Per afegir a sofregits, potatges.<\/p>\n<p><strong>Fulles d&#8217;api:<\/strong><\/p>\n<p><a href=\"http:\/\/cuinarxcuidar.com\/wp-content\/uploads\/2019\/03\/apio-rama-1.jpg\"><img loading=\"lazy\" decoding=\"async\" class=\"alignnone wp-image-1892\" src=\"http:\/\/cuinarxcuidar.com\/wp-content\/uploads\/2019\/03\/apio-rama-1.jpg\" alt=\"\" width=\"658\" height=\"519\" \/><\/a><\/p>\n<p>Les fulles de l&#8217;api s\u00f3n molt arom\u00e0tiques i com m\u00e9s verdes millor. Es recomana separar les fulles de la tija i col\u00b7locar-les en un recipient amb aigua a manera de gerro o en una bossa de conservaci\u00f3, aix\u00ed duraran m\u00e9s temps.<\/p>\n<p>Les podem fer servir en amanides, picades per amanir, en sucs, en batuts verds i per descomptat per fer brous i cremes.<\/p>\n<p><strong>Fulles de ravenets: <\/strong><\/p>\n<p><a href=\"http:\/\/cuinarxcuidar.com\/wp-content\/uploads\/2019\/03\/rabanitos.jpg\"><img loading=\"lazy\" decoding=\"async\" class=\"alignnone wp-image-1894 size-full\" src=\"http:\/\/cuinarxcuidar.com\/wp-content\/uploads\/2019\/03\/rabanitos.jpg\" alt=\"\" width=\"600\" height=\"400\" srcset=\"https:\/\/cuinarxcuidar.com\/wp-content\/uploads\/2019\/03\/rabanitos.jpg 600w, https:\/\/cuinarxcuidar.com\/wp-content\/uploads\/2019\/03\/rabanitos-300x200.jpg 300w\" sizes=\"auto, (max-width: 600px) 100vw, 600px\" \/><\/a><\/p>\n<p>Si s\u00f3n tendres (sovint ens arriben malmeses perqu\u00e8 son delicades) les podem aprofitar. El gust varia depenent de la varietat de raves. Si s\u00f3n raves picants les fulles tamb\u00e9 tindran una certa picor.<\/p>\n<p>Podem fer-les servir al costat del seu propi fruit per menjar-los en cru en amanides.<\/p>\n<p>Tamb\u00e9 en sopes, potatges, cremes, al vapor, saltejades, estofades .<\/p>\n<p>&nbsp;<\/p>\n<p><strong>Fulles de naps: <\/strong><\/p>\n<p><a href=\"http:\/\/cuinarxcuidar.com\/wp-content\/uploads\/2019\/03\/hojas-de-nabos1.jpg\"><img loading=\"lazy\" decoding=\"async\" class=\"alignnone size-full wp-image-1885\" src=\"http:\/\/cuinarxcuidar.com\/wp-content\/uploads\/2019\/03\/hojas-de-nabos1.jpg\" alt=\"\" width=\"598\" height=\"448\" srcset=\"https:\/\/cuinarxcuidar.com\/wp-content\/uploads\/2019\/03\/hojas-de-nabos1.jpg 598w, https:\/\/cuinarxcuidar.com\/wp-content\/uploads\/2019\/03\/hojas-de-nabos1-300x225.jpg 300w\" sizes=\"auto, (max-width: 598px) 100vw, 598px\" \/><\/a><\/p>\n<p>Son els famosos grelos molt apreciats en algunes regions del nord, com Gal\u00edcia. Poden menjar-se crues en amanides o batuts, a potatges, saltejat d\u2019alls, a farcits o afegir-se en qualsevol brou.<\/p>\n<p>Bullides o al vapor amb de patates i amb un saltejat de alls i pebre dol\u00e7a per sobre queda molt bo.<\/p>\n<p>&nbsp;<\/p>\n<p><strong>Fulles de fonoll<\/strong><\/p>\n<p><a href=\"http:\/\/cuinarxcuidar.com\/wp-content\/uploads\/2019\/03\/hinojo.jpg\"><img loading=\"lazy\" decoding=\"async\" class=\"alignnone size-full wp-image-1883\" src=\"http:\/\/cuinarxcuidar.com\/wp-content\/uploads\/2019\/03\/hinojo.jpg\" alt=\"\" width=\"458\" height=\"687\" srcset=\"https:\/\/cuinarxcuidar.com\/wp-content\/uploads\/2019\/03\/hinojo.jpg 458w, https:\/\/cuinarxcuidar.com\/wp-content\/uploads\/2019\/03\/hinojo-200x300.jpg 200w\" sizes=\"auto, (max-width: 458px) 100vw, 458px\" \/><\/a><\/p>\n<p>Les fulles del fonoll s&#8217;utilitzen molt per aromatitzar marinats com a substitut d\u2019altres herbes arom\u00e0tiques. El seu sabor suau, dol\u00e7 i anisat el fa perfectament compatible amb sucs i batuts, acompanyar amanides, guisats, brous o per escampar per damunt dels plats i aromatitzar-los.<\/p>\n<p>Tamb\u00e9 es pot fer un pesto especial:<\/p>\n<ul>\n<li>Fulles de 1 fonoll<\/li>\n<li>1\/2 dent de 1 all<\/li>\n<li>6-8 ametlles<\/li>\n<li>Oli<\/li>\n<li>Sal i pebre negre<\/li>\n<\/ul>\n<p><strong>Fulles de carxofa<\/strong><\/p>\n<p>\u00c9s una verdura de la que generalment llencem molt\u00edssimes de les seves fulles i les tiges.<\/p>\n<p>Es poden aprofitar bullir-les i fer una crema, o per fer un brou i fer-hi bullir despr\u00e9s l\u2019arr\u00f2s d\u2019un risotto, o com a fons per a una sopa amb patata, porro i ceba ofegats, tot aix\u00f2 colant-t\u2019ho.<\/p>\n<p><strong>Fulles de col, coliflor, br\u00f2quil<\/strong><\/p>\n<p>Combinen molt b\u00e9 en brous i cremes de verdures. A m\u00e9s, si s\u00f3n petites i tendres, com les del br\u00f2quil, fins i tot es poden menjar crues.<\/p>\n<p><strong>Fulles dures de enciam i escarola<\/strong><\/p>\n<p>Son les fulles exteriors que quasi sempre estan una mica fetes malb\u00e9, son mes dures i una mica amargants i que per aix\u00f2 les llencem.<\/p>\n<p>Apartades les parts malmeses \u00a0podem \u00a0anar guardant al congelador aquestes fulles de varis enciams i quan en tinguem prou quantitat en podem fer una crema.<\/p>\n<p>&nbsp;<\/p>\n<p style=\"text-align: center;\"><strong><em><u>Aprofitar les pells de:<\/u><\/em><\/strong><\/p>\n<p><strong>La pell del carbassons, alberg\u00ednies, pebrots, tom\u00e0quets (a mes de moltes fruites<\/strong>)<\/p>\n<p>Hi ha la costum de pelar-les i no cal fer-ho. Es un desaprofitament.<\/p>\n<p>Cuites perden la duresa.<\/p>\n<p>Es poden menjar en escalivada, samfaina, sofregits. El cogombre cru en amanides o batuts com el gaspatxo.<\/p>\n<p>&nbsp;<\/p>\n<p style=\"text-align: center;\"><strong><em><u>Aprofitar les tiges o troncs de:<\/u><\/em><\/strong><\/p>\n<p><strong>Tiges o troncs de br\u00f2quil, coliflor, col, carxofa:<\/strong><\/p>\n<p>El m\u00e9s senzill \u00e9s usar-los en sopes i cremes. Si estan tendres es poden afegir picats a qualsevol saltat o amanida, batuts.<\/p>\n<p>En cru, tallat a l\u00e0mines molt fines, saltejat, bullit o al vapor acompanyant als ramells.<\/p>\n<p>La carxofa, si se li treu la part exterior, queda molt tendre. Per descomptat, \u00e9s perfecte per a qualsevol tipus de crema de verdures.<\/p>\n<p>&nbsp;<\/p>\n<p>&nbsp;<\/p>\n<p style=\"text-align: center;\"><strong><em><u>\u00a0Aprofitar altres parts de les verdures:<\/u><\/em><\/strong><\/p>\n<p><strong>La beina de p\u00e8sols i faves tendres<\/strong>:<\/p>\n<p>En temporada de faves i p\u00e8sols frescos, malbaratem multitud de beines. En lloc de tirar les beines a les escombraries, podem coure-les amb altres verdures per enriquir cremes<\/p>\n<p>Hem de tenir en compte que siguin ben fresques i tendres.<\/p>\n<p>Cuinades queden meloses i molt bones<\/p>\n<p>Es poden aprofitar en estofats, cremes, saltejats, juntament amb la pr\u00f2pia fava o sense.<\/p>\n<p>&nbsp;<\/p>\n<p><strong>L&#8217;arrel del porro:<\/strong><\/p>\n<p>S&#8217;usa a la cuina xinesa a saltats i en farcits de verdures.<\/p>\n<p>Cal netejar-les molt b\u00e9, primerament les hem de deixar en remull i podem canviar l&#8217;aigua diverses vegades. Han de ser ben fresques i les podem fer servir per preparar sopes remineralitzants, com a part de woks de verdures o en forma de tempura.<\/p>\n","protected":false},"excerpt":{"rendered":"<p>De les verdures que comprem en llencem algunes parts per costum i per desconeixement, per\u00f2 en realitat moltes es poden menjar (tiges, fulles, parts mes dures o verdes, beines). A mes a mes moltes tenen propietats nutricionals importants ja que generalment son la part mes verda i aix\u00f2 vol dir que \u00e9s on hi ha [&hellip;]<\/p>\n","protected":false},"author":1,"featured_media":1864,"comment_status":"open","ping_status":"open","sticky":false,"template":"","format":"standard","meta":{"footnotes":""},"categories":[156,155,170],"tags":[250,253,252,251],"class_list":["post-1862","post","type-post","status-publish","format-standard","has-post-thumbnail","hentry","category-aprofitament-alimentari","category-consum-responsable","category-malbaratament","tag-aprofitament","tag-fulles","tag-llencar","tag-malbaratament"],"_links":{"self":[{"href":"https:\/\/cuinarxcuidar.com\/index.php?rest_route=\/wp\/v2\/posts\/1862","targetHints":{"allow":["GET"]}}],"collection":[{"href":"https:\/\/cuinarxcuidar.com\/index.php?rest_route=\/wp\/v2\/posts"}],"about":[{"href":"https:\/\/cuinarxcuidar.com\/index.php?rest_route=\/wp\/v2\/types\/post"}],"author":[{"embeddable":true,"href":"https:\/\/cuinarxcuidar.com\/index.php?rest_route=\/wp\/v2\/users\/1"}],"replies":[{"embeddable":true,"href":"https:\/\/cuinarxcuidar.com\/index.php?rest_route=%2Fwp%2Fv2%2Fcomments&post=1862"}],"version-history":[{"count":41,"href":"https:\/\/cuinarxcuidar.com\/index.php?rest_route=\/wp\/v2\/posts\/1862\/revisions"}],"predecessor-version":[{"id":1914,"href":"https:\/\/cuinarxcuidar.com\/index.php?rest_route=\/wp\/v2\/posts\/1862\/revisions\/1914"}],"wp:featuredmedia":[{"embeddable":true,"href":"https:\/\/cuinarxcuidar.com\/index.php?rest_route=\/wp\/v2\/media\/1864"}],"wp:attachment":[{"href":"https:\/\/cuinarxcuidar.com\/index.php?rest_route=%2Fwp%2Fv2%2Fmedia&parent=1862"}],"wp:term":[{"taxonomy":"category","embeddable":true,"href":"https:\/\/cuinarxcuidar.com\/index.php?rest_route=%2Fwp%2Fv2%2Fcategories&post=1862"},{"taxonomy":"post_tag","embeddable":true,"href":"https:\/\/cuinarxcuidar.com\/index.php?rest_route=%2Fwp%2Fv2%2Ftags&post=1862"}],"curies":[{"name":"wp","href":"https:\/\/api.w.org\/{rel}","templated":true}]}}