{"id":1532,"date":"2019-01-25T16:56:47","date_gmt":"2019-01-25T15:56:47","guid":{"rendered":"http:\/\/cuinarxcuidar.com\/?p=1532"},"modified":"2019-04-15T12:16:12","modified_gmt":"2019-04-15T10:16:12","slug":"apunts-sobre-les-bases-de-la-dieta-vegana-equilibrada-2","status":"publish","type":"post","link":"https:\/\/cuinarxcuidar.com\/?p=1532","title":{"rendered":"Apunts sobre l&#8217;alimentaci\u00f3 vegana equilibrada"},"content":{"rendered":"<p>Les bases d&#8217;una alimentaci\u00f3 vegana equilibrada que donen la majoria de nutricionistes son:<\/p>\n<ul>\n<li>La pres\u00e8ncia de <strong>verdures i hortalisses<\/strong> ha de ser di\u00e0ria, a dinar i a sopar, i en una proporci\u00f3 del <strong>50%<\/strong> de lo que mengem en el \u00e0pat.<\/li>\n<li>Menjar <strong>fruita<\/strong> cada dia, 2 peces com a m\u00ednim.<\/li>\n<li>Prendre <strong>vitamina B12<\/strong> en suplement.<\/li>\n<li>La <strong>prote\u00efna<\/strong> de qualitat ha se ser tamb\u00e9 present di\u00e0riament, a dinar i sopar, i en una proporci\u00f3 d&#8217;un <strong>25%<\/strong> de lo que mengem en el \u00e0pat. La principal font de prote\u00efna vegetal son<strong> les llegums <\/strong>i els seus derivats i<strong> la fruita seca.<\/strong><\/li>\n<li>Tamb\u00e9 hem de prendre cada dia <strong>hidrats de carboni<\/strong>, o sigui <strong>cereals integrals<\/strong> i els seus derivats (arros, pa, pasta, mill, civada&#8230;), o <strong>tubercles<\/strong> (patates, moniato, iuca&#8230;), en una proporci\u00f3 de un 25% de cada \u00e0pat. Hi ha que tenir en compte que les llegums tamb\u00e9 son riques en hidrats de carboni.<\/li>\n<li>Assegurar una aportaci\u00f3 diari d&#8217;<strong><span class=\"tlid-translation translation\" tabindex=\"-1\"><span class=\"\" title=\"\">\u00e0cids<\/span> <span class=\"\" title=\"\">grassos<\/span> <span class=\"\" title=\"\">essencials <\/span><\/span><\/strong><strong>omega3 <\/strong>menjant per exemple nous o lli.<\/li>\n<li>El <strong>ferro<\/strong>\u00a0dels vegetals el podem trobar a les verdures de fulla verda, la fruita seca, les llegums, la fruita dessecada i els cereals integrals. La vitamina C afavoreix l&#8217;absorci\u00f3 del ferro.<\/li>\n<li>El <strong>calci<\/strong> dels vegetals la podem trobar a la beguda de soja, al broquil, a la col rissada, coliflor, al tofu fet amb sals de calci, a les ametlles, al s\u00e8sam.<\/li>\n<\/ul>\n<p>&nbsp;<\/p>\n<p>i una serie de consell generals:<\/p>\n<ul>\n<li>Menjar<strong> variat<\/strong> amb una mica de tot cada dia (ja que aix\u00ed tindrem acc\u00e9s a la majoria de nutrients que poden estar en uns aliments i no en altres).<\/li>\n<li>Escollir aliments <strong>frescos <\/strong>i <strong>rics en nutrients<\/strong>: menjar verdures, hortalisses, fruites, llegums i derivats, llavors, fruita seca, cereals integrals i greixos de qualitat.<\/li>\n<li>Menjar la menor quantitat possible de <strong>processats<\/strong> que nom\u00e9s aporten <strong>calories<\/strong> <strong>buides.<\/strong><\/li>\n<li>Escollir aliments de <strong>temporada<\/strong> i de <strong>proximitat<\/strong>, per afavorir la economia local i no perjudicar el medi ambient amb el us del transport.<\/li>\n<li>Es millor que els <strong>cereals <\/strong>siguin<strong> integrals<\/strong> per que contenen hidrats de carboni complexos i tenen un <strong>\u00edndex gluc\u00e8mic baix<\/strong>: es metabolitzen m\u00e9s lentament, de manera que van entrant a l\u2019organisme a mesura que aquest els requereix (proporcionen glucosa d\u2019alliberaci\u00f3 lenta), i aix\u00ed s\u2019aconsegueix tenir regulats els nivells d\u2019insulina en sang. Estem m\u00e9s saciats, amb m\u00e9s energia i sense pics de cansament ni ganes de dol\u00e7. A m\u00e9s els cereals integrals tenen m\u00e9s vitamines i minerals perqu\u00e8 es tracta d\u2019un cereal complet que no ha estat refinat, \u00e9s a dir, no li han tret la closca, que \u00e9s on hi ha la majoria d\u2019aquests nutrients.<\/li>\n<li>Afegir <strong>greix saludable<\/strong> per cuinar, amanir o condimentar, com son l&#8217;oli d&#8217;oliva verge extra o altres olis (de lli, de s\u00e8sam, de colza&#8230;), el alvocat, la fruita seca i les llavors.<\/li>\n<li>Prendre tamb\u00e9 di\u00e0riament algun <strong>aliment fermentat<\/strong> que beneficia la flora intestinal gr\u00e0cies al seu contingut en microorganismes vius (iogurts de soja, xucrut, miso, pickles, tempeh&#8230;).<\/li>\n<li>Tamb\u00e9 son essencials <strong>les llavors<\/strong>. Girasol, carabassa, s\u00e8sam, lli, rosella, chia, c\u00e0nem. Es millor fer-les germinar (aix\u00ed es son aliments mes vius i frescos plens d\u2019enzims, minerals i vitamines) o be remullar i moldre, o be torrar-les (a una paella sense oli nomes uns 2 minuts) i moldre abans de menjar-nos-les, aix\u00ed aconseguirem pair-les millor i absorbir b\u00e9 els nutrients. Si les volgu\u00e9ssim menjar directament, no les absorbir\u00edem i passarien per l\u2019intest\u00ed gaireb\u00e9 intactes; per tant, nom\u00e9s servirien per ajudar a millorar el tr\u00e0nsit intestinal.<\/li>\n<li>Tamb\u00e9 <strong>la fruita seca<\/strong> (ametlles, anacards, avellanes, nous, festucs, llavors de girasol, pinyons, castanyes). Es un aliment b\u00e0sic i necessari a la dieta. Una raci\u00f3 di\u00e0ria equival a 25-30 grs. Es pot fer una barreja de fruita seca i portar-la a la bossa per que \u00a0es un bon recurs per l\u2019\u00e0pat de mig mat\u00ed o pel berenar quan es te gana, ja que sacia molt. Aix\u00f2 si cal evitar la que est\u00e0 fregida o la que porta sal.<\/li>\n<li>Utilitzar les <strong>algues<\/strong> ens aporta minerals com ara calci, f\u00f2sfor, ferro, vitamina C, seleni i cinc, per\u00f2 es millor utilitzar-lo com a condiment i no com ingredient principal per al elevada ingesta de <strong>iode<\/strong> que tamb\u00e9 comporta.<\/li>\n<li>Variar a cada \u00e0pat el menjar <strong>cuit<\/strong> amb el <strong>cru<\/strong>, el <strong>fermentat<\/strong> o el <strong>marinat<\/strong>, per aportar el benefici de cadascun d&#8217;aquestes preparacions. Si es cou, coure millor al <strong>forn<\/strong>, al <strong>vapor<\/strong>, a la <strong>planxa<\/strong> o <strong>saltejar<\/strong> amb poc oli, i fugir dels fregits.<\/li>\n<li><strong>No coure excessivament<\/strong> els aliments per conservar en major nombre els nutrients.<\/li>\n<li>Fer <strong>cinc \u00e0pats al dia<\/strong> ja que segons sembla mitjan\u00e7ant ingestes petites i regulars (5 al dia enfront de les 3 que molta gent sol fer) podr\u00edem exposar-nos a canvis menys bruscos en la gluc\u00e8mia i la lip\u00e8mia, a m\u00e9s de millorar la regulaci\u00f3 del nostre apetit i sacietat.<\/li>\n<li><strong>Barrejar colors<\/strong> d&#8217;aliments perqu\u00e8 aix\u00ed prenem varietat de nutrients del que cadascun d&#8217;ells es sin\u00f2nim.<\/li>\n<li><strong>Beure aigua<\/strong>, prendre poc alcohol o gens i no veure refrescos ensucrats<\/li>\n<li>Poca <strong>sal<\/strong>.<\/li>\n<li>Poc <strong>sucre<\/strong>.<\/li>\n<li>Fer <strong>exercici<\/strong> i prendre una mica de <strong>sol<\/strong> cada dia.<\/li>\n<\/ul>\n<p>&nbsp;<\/p>\n<p><a href=\"https:\/\/unionvegetariana.org\" target=\"_blank\" rel=\"noopener noreferrer\">Uni\u00f3n Vegetariana Espa\u00f1ola<\/a> publica a la seva web una <a href=\"https:\/\/unionvegetariana.org\/piramide-de-la-alimentacion-vegana\/\" target=\"_blank\" rel=\"noopener noreferrer\">pir\u00e0mide vegana<\/a> i <a href=\"https:\/\/unionvegetariana.org\/wp-content\/uploads\/UVE_Alimentaci%C3%B3n_vegana.pdf\" target=\"_blank\" rel=\"noopener noreferrer\">un diptic sobre el model de l&#8217;alimentaci\u00f3 vegana<\/a>:<\/p>\n<p><a href=\"http:\/\/cuinarxcuidar.com\/wp-content\/uploads\/2019\/04\/piramide-vegana-unionvegetariana.jpg\"><img loading=\"lazy\" decoding=\"async\" class=\"alignnone size-full wp-image-2048\" src=\"http:\/\/cuinarxcuidar.com\/wp-content\/uploads\/2019\/04\/piramide-vegana-unionvegetariana.jpg\" alt=\"\" width=\"1300\" height=\"1856\" srcset=\"https:\/\/cuinarxcuidar.com\/wp-content\/uploads\/2019\/04\/piramide-vegana-unionvegetariana.jpg 1300w, https:\/\/cuinarxcuidar.com\/wp-content\/uploads\/2019\/04\/piramide-vegana-unionvegetariana-210x300.jpg 210w, https:\/\/cuinarxcuidar.com\/wp-content\/uploads\/2019\/04\/piramide-vegana-unionvegetariana-768x1096.jpg 768w, https:\/\/cuinarxcuidar.com\/wp-content\/uploads\/2019\/04\/piramide-vegana-unionvegetariana-717x1024.jpg 717w\" sizes=\"auto, (max-width: 1300px) 100vw, 1300px\" \/><\/a><\/p>\n<h6><em>Aquesta informaci\u00f3 es nom\u00e9s un intent de divulgaci\u00f3 i aproximaci\u00f3 del tema ja que amb q\u00fcestions m\u00e8diques la \u00fanica informaci\u00f3 fiable es la que us pot donar un professional de la vostra confian\u00e7a.<\/em><\/h6>\n","protected":false},"excerpt":{"rendered":"<p>Les bases d&#8217;una alimentaci\u00f3 vegana equilibrada que donen la majoria de nutricionistes son: La pres\u00e8ncia de verdures i hortalisses ha de ser di\u00e0ria, a dinar i a sopar, i en una proporci\u00f3 del 50% de lo que mengem en el \u00e0pat. Menjar fruita cada dia, 2 peces com a m\u00ednim. Prendre vitamina B12 en suplement. [&hellip;]<\/p>\n","protected":false},"author":1,"featured_media":1379,"comment_status":"open","ping_status":"open","sticky":false,"template":"","format":"standard","meta":{"footnotes":""},"categories":[16,196],"tags":[],"class_list":["post-1532","post","type-post","status-publish","format-standard","has-post-thumbnail","hentry","category-receptes","category-nutricio"],"_links":{"self":[{"href":"https:\/\/cuinarxcuidar.com\/index.php?rest_route=\/wp\/v2\/posts\/1532","targetHints":{"allow":["GET"]}}],"collection":[{"href":"https:\/\/cuinarxcuidar.com\/index.php?rest_route=\/wp\/v2\/posts"}],"about":[{"href":"https:\/\/cuinarxcuidar.com\/index.php?rest_route=\/wp\/v2\/types\/post"}],"author":[{"embeddable":true,"href":"https:\/\/cuinarxcuidar.com\/index.php?rest_route=\/wp\/v2\/users\/1"}],"replies":[{"embeddable":true,"href":"https:\/\/cuinarxcuidar.com\/index.php?rest_route=%2Fwp%2Fv2%2Fcomments&post=1532"}],"version-history":[{"count":16,"href":"https:\/\/cuinarxcuidar.com\/index.php?rest_route=\/wp\/v2\/posts\/1532\/revisions"}],"predecessor-version":[{"id":2055,"href":"https:\/\/cuinarxcuidar.com\/index.php?rest_route=\/wp\/v2\/posts\/1532\/revisions\/2055"}],"wp:featuredmedia":[{"embeddable":true,"href":"https:\/\/cuinarxcuidar.com\/index.php?rest_route=\/wp\/v2\/media\/1379"}],"wp:attachment":[{"href":"https:\/\/cuinarxcuidar.com\/index.php?rest_route=%2Fwp%2Fv2%2Fmedia&parent=1532"}],"wp:term":[{"taxonomy":"category","embeddable":true,"href":"https:\/\/cuinarxcuidar.com\/index.php?rest_route=%2Fwp%2Fv2%2Fcategories&post=1532"},{"taxonomy":"post_tag","embeddable":true,"href":"https:\/\/cuinarxcuidar.com\/index.php?rest_route=%2Fwp%2Fv2%2Ftags&post=1532"}],"curies":[{"name":"wp","href":"https:\/\/api.w.org\/{rel}","templated":true}]}}