{"id":1508,"date":"2019-01-29T00:17:31","date_gmt":"2019-01-28T23:17:31","guid":{"rendered":"http:\/\/cuinarxcuidar.com\/?p=1508"},"modified":"2019-07-02T18:30:10","modified_gmt":"2019-07-02T16:30:10","slug":"consum-cooperatiu","status":"publish","type":"post","link":"https:\/\/cuinarxcuidar.com\/?p=1508","title":{"rendered":"Grups de consum conscient"},"content":{"rendered":"<div>Els grups i cooperatives de consum conscient agrupen a persones interessades en fer un <a href=\"http:\/\/cuinarxcuidar.com\/consum-conscient\/\">consum \u00e8tic i responsable<\/a>, valorant les conseq\u00fc\u00e8ncies ecol\u00f2giques, econ\u00f2miques i socials que te aquest consum.<\/div>\n<p>&nbsp;<\/p>\n<div>La compra conjunta dels productes i la inversi\u00f3 de treball dels associats fa que s&#8217;abarateixin costos. Acostumen a tenir un funcionament assembleari i les decisions es prenen entre totes les persones associades.<\/div>\n<p>&nbsp;<\/p>\n<div>Normalment inicien la seva activitat per poder consumir verdures i fruites ecol\u00f2giques i fresques comprades directament a un p\u00e0ges, i amb el temps es va ampliant l\u2019oferta i la varietat de productes, que pot arribar a cobrir totes les necessitats de consum d\u2019una llar.<\/div>\n<p>&nbsp;<\/p>\n<div>El consum \u00e9s potser un dels actes pol\u00edtics que mes incid\u00e8ncia directa pot tenir en el intent de transformaci\u00f3 de la nostra societat. Es important visibilitzar i valorar el que podem exigir que es canvii del proc\u00e9s que la industria fa amb els productes que consumim en les diferents fases del seu cicle de vida, des de l&#8217;extracci\u00f3 de les mat\u00e8ries primeres fins a la contaminaci\u00f3 que produeixen els embalatges, per generar el menor impacta social, laboral i ambiental.<\/div>\n<p>&nbsp;<\/p>\n<div>La renuncia a comprar un producte es un acte directa de rebuig cap a les circumstancies negatives de la seva producci\u00f3 o cap a l&#8217;empresa que el produeix.<\/div>\n<div><\/div>\n<p>&nbsp;<\/p>\n<div>En aquesta web trobem un mapa dels grups de consum de Catalunya:<\/div>\n<div><a href=\"http:\/\/www.cooperatives.barcelona\/recursos\/mapa\/\" target=\"_blank\" rel=\"noopener noreferrer\">http:\/\/www.cooperatives.barcelona\/recursos\/mapa\/<\/a><\/div>\n<p>&nbsp;<\/p>\n<div>En aquesta altre pagina hi ha una llista amb la historia del grups de consum de Barcelona, els hist\u00f2rics (des de 1867) i actuals de la ciutat de Barcelona. La cooperativa <strong>El Rec<\/strong> queda reflectida com la mes antiga de les actuals (si es clica a sobre el nom de l&#8217;organitzaci\u00f3 es pot llegir la descripci\u00f3):<\/div>\n<div><a href=\"http:\/\/www.cooperatives.barcelona\/recursos\/linia-del-temps\/\" target=\"_blank\" rel=\"noopener noreferrer\">http:\/\/www.cooperatives.barcelona\/recursos\/linia-del-temps\/<\/a><\/div>\n","protected":false},"excerpt":{"rendered":"<p>Els grups i cooperatives de consum conscient agrupen a persones interessades en fer un consum \u00e8tic i responsable, valorant les conseq\u00fc\u00e8ncies ecol\u00f2giques, econ\u00f2miques i socials que te aquest consum. &nbsp; La compra conjunta dels productes i la inversi\u00f3 de treball dels associats fa que s&#8217;abarateixin costos. Acostumen a tenir un funcionament assembleari i les decisions [&hellip;]<\/p>\n","protected":false},"author":1,"featured_media":1626,"comment_status":"open","ping_status":"open","sticky":false,"template":"","format":"standard","meta":{"footnotes":""},"categories":[155,201],"tags":[],"class_list":["post-1508","post","type-post","status-publish","format-standard","has-post-thumbnail","hentry","category-consum-responsable","category-grup-de-consum"],"_links":{"self":[{"href":"https:\/\/cuinarxcuidar.com\/index.php?rest_route=\/wp\/v2\/posts\/1508","targetHints":{"allow":["GET"]}}],"collection":[{"href":"https:\/\/cuinarxcuidar.com\/index.php?rest_route=\/wp\/v2\/posts"}],"about":[{"href":"https:\/\/cuinarxcuidar.com\/index.php?rest_route=\/wp\/v2\/types\/post"}],"author":[{"embeddable":true,"href":"https:\/\/cuinarxcuidar.com\/index.php?rest_route=\/wp\/v2\/users\/1"}],"replies":[{"embeddable":true,"href":"https:\/\/cuinarxcuidar.com\/index.php?rest_route=%2Fwp%2Fv2%2Fcomments&post=1508"}],"version-history":[{"count":40,"href":"https:\/\/cuinarxcuidar.com\/index.php?rest_route=\/wp\/v2\/posts\/1508\/revisions"}],"predecessor-version":[{"id":2149,"href":"https:\/\/cuinarxcuidar.com\/index.php?rest_route=\/wp\/v2\/posts\/1508\/revisions\/2149"}],"wp:featuredmedia":[{"embeddable":true,"href":"https:\/\/cuinarxcuidar.com\/index.php?rest_route=\/wp\/v2\/media\/1626"}],"wp:attachment":[{"href":"https:\/\/cuinarxcuidar.com\/index.php?rest_route=%2Fwp%2Fv2%2Fmedia&parent=1508"}],"wp:term":[{"taxonomy":"category","embeddable":true,"href":"https:\/\/cuinarxcuidar.com\/index.php?rest_route=%2Fwp%2Fv2%2Fcategories&post=1508"},{"taxonomy":"post_tag","embeddable":true,"href":"https:\/\/cuinarxcuidar.com\/index.php?rest_route=%2Fwp%2Fv2%2Ftags&post=1508"}],"curies":[{"name":"wp","href":"https:\/\/api.w.org\/{rel}","templated":true}]}}