{"id":1296,"date":"2019-04-12T10:59:36","date_gmt":"2019-04-12T08:59:36","guid":{"rendered":"http:\/\/cuinarxcuidar.com\/?p=1296"},"modified":"2019-04-15T12:15:07","modified_gmt":"2019-04-15T10:15:07","slug":"nutricio-posicionament-oficial-de-la-medicina-sobre-lalimentacio-vegetariana","status":"publish","type":"post","link":"https:\/\/cuinarxcuidar.com\/?p=1296","title":{"rendered":"Posicionament de la medicina sobre l&#8217;alimentaci\u00f3 vegana"},"content":{"rendered":"<hr \/>\n<p><em><strong>&#8220;La postura de l&#8217;Acad\u00e8mia de Nutrici\u00f3 i Diet\u00e8tica \u00e9s que les dietes vegetarianes, incloent les veganes, planificades de manera adequada, s\u00f3n saludables, nutricionalment adequades i poden proporcionar beneficis per a la salut en la prevenci\u00f3 i el tractament de certes malalties. Aquestes dietes s\u00f3n apropiades per a totes les etapes del cicle vital, incloent l&#8217;embar\u00e0s, la lact\u00e0ncia, la inf\u00e0ncia, la infantesa, l&#8217;adolesc\u00e8ncia, l&#8217;edat adulta, aix\u00ed com per a esportistes. Les dietes basades en aliments d&#8217;origen vegetal s\u00f3n m\u00e9s sostenibles per al medi ambient que les dietes riques en aliments d&#8217;origen animal perqu\u00e8 utilitzen menys recursos naturals i s&#8217;associen amb un impacte ambiental molt menor.&#8221;<\/strong><\/em><\/p>\n<hr \/>\n<p>Aquesta es la important declaraci\u00f3 que va fer <strong>L&#8217;Acad\u00e8mia de Nutrici\u00f3 i Diet\u00e8tica dels EEUU <\/strong>(Academy of Nutrition and Dietetics,AND) posicionant-se oficialment a favor de la idone\u00eftat de la dieta vegetariana. La primera versi\u00f3 va ser publicada al any 1987, i despr\u00e9s de diverses revisions a la darrera versi\u00f3 del 2016 es van afegir les consideracions de tipus mediambientals i de sostenibilitat.<i> <\/i><\/p>\n<p>L&#8217;alimentaci\u00f3 vegana \u00e9s una opci\u00f3 cada vegada m\u00e9s nombrosa en el m\u00f3n i tamb\u00e9 a Espanya. Per\u00f2 com en altres \u00e0mbits en el de la sanitat espanyola es dif\u00edcil trobar recursos i posicionaments que no siguin negatius sobre el veganisme. Gaireb\u00e9 sempre que un veg\u00e0 busca assessorament d&#8217;un professional sanitari ha de buscar-ne un d&#8217;especialitzat en aquesta dieta ja que sin\u00f3 pot trobar metges amb prejudicis allunats de la ci\u00e8ncia. Moltes vegades aquests metges ho consideren com un caprici o raresa particular que cal redre\u00e7ar. Frases com <em>&#8220;al menys has de menjar peix i ous i beure llet&#8221; o &#8220;s&#8217;ha de menjar una mica de tot&#8221; <\/em>son quotidianes. A la medicina tradicional moltes vegades no es pot trobar suport sobre aquesta q\u00fcesti\u00f3. En l&#8217;aparici\u00f3 d&#8217;aquest canvi de model alimentari encara hi ha molta desinformaci\u00f3 i prejudicis negatius<\/p>\n<p>En el portal de nutrici\u00f3 <a href=\"http:\/\/www.dietistasnutricionistas.es\">www.dietistasnutricionistas.es<\/a> es pot trobar informaci\u00f3 de quin es el posicionament oficial de la medicina tradicional sobre el veganisme<em>:<\/em><\/p>\n<p><em><a href=\"https:\/\/www.dietistasnutricionistas.es\/dieta-vegetariana-recomendaciones-oficiales\/\" target=\"_blank\" rel=\"noopener noreferrer\">&#8220;Recomendaciones oficiales para poblaci\u00f3n vegetariana. Situaci\u00f3n en el mundo y en Espa\u00f1a&#8221;<\/a><\/em> :<\/p>\n<ul>\n<li>A l&#8217;<strong>Estat espanyol<\/strong> la presencia de formaci\u00f3 en nutrici\u00f3 vegetariana i vegana es quasi nul\u00b7la en els plans d&#8217;estudis oficials de les professions sanit\u00e0ries, incloent-hi els dels dietistes-nutricionistes, no hi ha guies d&#8217;alimentaci\u00f3 enfocades a elles ni es tenen en compte en l&#8217;educaci\u00f3 alimentaria.<\/li>\n<li>Les recomanacions espec\u00edfiques per a vegetarians s\u00f3n escasses en les publicacions del nostre pa\u00eds.<\/li>\n<li>En els programes nacionals dedicats a la nutrici\u00f3, NAOS i PERSEO, no es fa la m\u00e9s m\u00ednima refer\u00e8ncia a poblaci\u00f3 vegetariana.<\/li>\n<li>Al Manual Pr\u00e0ctic de Nutrici\u00f3 en Pediatria de l&#8217;AEP hi ha un cap\u00edtol dedicat a<em> &#8220;Dietes no omn\u00edvores en l&#8217;edat pedi\u00e0trica. Dietes alternatives: vegetarianes &#8220;<\/em>, sent una excepci\u00f3 en les publicacions de salut del nostre pa\u00eds.<\/li>\n<li>En el document d&#8217;informaci\u00f3 per a poblaci\u00f3 general editat per la <strong>Generalitat de Catalunya<\/strong> sobre alimentaci\u00f3 en la primera infancia (0-3 a\u00f1os) es donen instruccions espec\u00edfiques tant a nivell general com per a mares lactants vegetarianes i s&#8217;indica que es una dieta adequada sempre que sigui equilibrada, per\u00f2 i de manera completament contradict\u00f2ria a la<em> &#8220;Guia d&#8217;Alimentaci\u00f3 Saludable a l&#8217;Etapa escolar&#8221;<\/em> s&#8217;afirma que s\u00f3n acceptables els men\u00fas sense carn, per\u00f2 no sense peix, lactis o ous per ser potencialment deficitaris en edat de creixement. No es fins a una actualitzaci\u00f3 del 2012 on aprova nutricionalment els men\u00fas ovolactovegetarianos (per\u00f2 no els vegans), i on tamb\u00e9 ofereix indicacions espec\u00edfiques.<\/li>\n<li>Cap altra guia d&#8217;alimentaci\u00f3 consultada ha mostrat indicacions espec\u00edfiques per a poblaci\u00f3 vegetariana. Cal assenyalar que tampoc desaconsellen aquesta opci\u00f3 diet\u00e8tica, simplement \u00e9s ignorada.<\/li>\n<li>En els pa\u00efsos anglosaxons (EUA, Regne Unit, Austr\u00e0lia i Canad\u00e0&#8230;) la situaci\u00f3 \u00e9s ben diferent. All\u00e0 les associacions de diet\u00e8tica elaboren materials espec\u00edfics i tenen grups de treball dedicats a la nutrici\u00f3 vegetariana.<\/li>\n<li>Com em vist al comen\u00e7ament d&#8217;aquest article el posicionament de l&#8217;Acad\u00e8mia de Nutrici\u00f3 i Diet\u00e8tica dels EEUU avalant la correcci\u00f3 de les dietes basades en vegetals els hi va donar una fortalesa molt important. Per\u00f2 es curi\u00f3s el mat\u00eds de <em>&#8220;planificades de manera adequada&#8221;,<\/em> quan es obvi que aquest concepte es pot aplicar a qualsevol tipus de dieta, i delata encara la inseguretat o potser la prud\u00e8ncia davant aquest important canvi de model alimentari. <a href=\"https:\/\/unionvegetariana.org\/wp-content\/uploads\/2017\/09\/Postura-AND-2016.pdf\" target=\"_blank\" rel=\"noopener noreferrer\"><em>(Enlla\u00e7 a la declaraci\u00f3 sencera de l&#8217;Acad\u00e8mia de Nutrici\u00f3 i Diet\u00e8tica dels EEUU ).<\/em><\/a><\/li>\n<\/ul>\n<p>Per assessorar-se adequadament sobre com fer una dieta vegana equilibrada generalment s&#8217;ha de rec\u00f3rrer a la medicina privada, a metges dietistes-nutricionistes especialitzats en el tema.<\/p>\n<p>Paral\u00b7lelament tamb\u00e9 es pot trobar informacions a publicacions d&#8217;organitzacions no gobernamentals com poden ser les de les associacions vegetarianes, o a llibres, revistes, webs.<\/p>\n<p>Sempre valorant que siguin publicacions amb base cient\u00edfica.<\/p>\n<p><a href=\"http:\/\/cuinarxcuidar.com\/com-assessorar-se-per-fer-una-dieta-vegana-equilibrada\/\" target=\"_blank\" rel=\"noopener noreferrer\"><em>Com assessorar-nos per fer una dieta vegana equilibrada<\/em><\/a><\/p>\n","protected":false},"excerpt":{"rendered":"<p>&#8220;La postura de l&#8217;Acad\u00e8mia de Nutrici\u00f3 i Diet\u00e8tica \u00e9s que les dietes vegetarianes, incloent les veganes, planificades de manera adequada, s\u00f3n saludables, nutricionalment adequades i poden proporcionar beneficis per a la salut en la prevenci\u00f3 i el tractament de certes malalties. Aquestes dietes s\u00f3n apropiades per a totes les etapes del cicle vital, incloent l&#8217;embar\u00e0s, [&hellip;]<\/p>\n","protected":false},"author":1,"featured_media":1338,"comment_status":"open","ping_status":"open","sticky":false,"template":"","format":"standard","meta":{"footnotes":""},"categories":[196],"tags":[261,260,259],"class_list":["post-1296","post","type-post","status-publish","format-standard","has-post-thumbnail","hentry","category-nutricio","tag-and","tag-medicina","tag-nutricio"],"_links":{"self":[{"href":"https:\/\/cuinarxcuidar.com\/index.php?rest_route=\/wp\/v2\/posts\/1296","targetHints":{"allow":["GET"]}}],"collection":[{"href":"https:\/\/cuinarxcuidar.com\/index.php?rest_route=\/wp\/v2\/posts"}],"about":[{"href":"https:\/\/cuinarxcuidar.com\/index.php?rest_route=\/wp\/v2\/types\/post"}],"author":[{"embeddable":true,"href":"https:\/\/cuinarxcuidar.com\/index.php?rest_route=\/wp\/v2\/users\/1"}],"replies":[{"embeddable":true,"href":"https:\/\/cuinarxcuidar.com\/index.php?rest_route=%2Fwp%2Fv2%2Fcomments&post=1296"}],"version-history":[{"count":94,"href":"https:\/\/cuinarxcuidar.com\/index.php?rest_route=\/wp\/v2\/posts\/1296\/revisions"}],"predecessor-version":[{"id":3626,"href":"https:\/\/cuinarxcuidar.com\/index.php?rest_route=\/wp\/v2\/posts\/1296\/revisions\/3626"}],"wp:featuredmedia":[{"embeddable":true,"href":"https:\/\/cuinarxcuidar.com\/index.php?rest_route=\/wp\/v2\/media\/1338"}],"wp:attachment":[{"href":"https:\/\/cuinarxcuidar.com\/index.php?rest_route=%2Fwp%2Fv2%2Fmedia&parent=1296"}],"wp:term":[{"taxonomy":"category","embeddable":true,"href":"https:\/\/cuinarxcuidar.com\/index.php?rest_route=%2Fwp%2Fv2%2Fcategories&post=1296"},{"taxonomy":"post_tag","embeddable":true,"href":"https:\/\/cuinarxcuidar.com\/index.php?rest_route=%2Fwp%2Fv2%2Ftags&post=1296"}],"curies":[{"name":"wp","href":"https:\/\/api.w.org\/{rel}","templated":true}]}}